{"id":10012,"date":"2026-04-26T08:20:06","date_gmt":"2026-04-26T11:20:06","guid":{"rendered":"https:\/\/radiolife.com.ar\/?p=10012"},"modified":"2026-04-26T08:20:06","modified_gmt":"2026-04-26T11:20:06","slug":"principio-de-acuerdo-entre-lla-y-el-pro-para-armar-una-alianza-en-provincia-de-buenos-aires-las-dudas-con-la-ucr","status":"publish","type":"post","link":"https:\/\/radiolife.com.ar\/?p=10012","title":{"rendered":"Principio de acuerdo entre LLA y el PRO para armar una alianza en provincia de Buenos Aires: las dudas con la UCR"},"content":{"rendered":"<p><img decoding=\"async\" src=\"https:\/\/www.infobae.com\/resizer\/v2\/ALT5D2K2CFDJ3GDMBV5TJNZECY.jpg?auth=533790a3ec1b2e42636bab216e89fcf986ac1d3c29fc71e0c4eda47d9a38ec08&amp;smart=true&amp;width=1080&amp;height=719\" alt=\"La Libertad Avanza y el PRO trabajan en la consolidaci\u00f3n de un frente para vencer al peronismo en 2027\"\/><\/p>\n<p>El PRO y La Libertad Avanza se pusieron de acuerdo en dos decisiones clave para ganar la provincia de Buenos Aires en 2027: armar una alianza juntos, lo m\u00e1s amplia posible, y que Diego Santilli sea el candidato a suceder a Axel Kicillof. Pero tambi\u00e9n hay actores que dificultan la tarea. Por un lado, los movimientos de Mauricio Macri, que suponen cierta aspiraci\u00f3n por volver a la Casa Rosada, y la falta de definiciones por parte de la UCR bonaerense, envuelta en una interna interminable.<\/p>\n<p>\u201cEn provincia de Buenos Aires no hay opci\u00f3n si queremos ganar, hay que ir juntos\u201d, dijo Ritondo durante una entrevista con <a href=\"https:\/\/www.infobae.com\/politica\/2026\/04\/21\/ritondo-pondero-a-santilli-como-candidato-a-gobernador-bonaerense-y-pidio-una-alianza-con-lla-no-hay-opcion\/\" rel=\"noreferrer\" target=\"_blank\">Infobae al Amanecer<\/a>, en referencia al PRO y la UCR, referenciada en Maximiliano Abad. Tambi\u00e9n ratific\u00f3 que el mejor posicionado para ser el candidato que encabece la lista de esa alianza es Santilli. Seg\u00fan pudo saber este medio, en el entorno de Sebasti\u00e1n Pareja \u2014armador bonaerense designado por Karina Milei\u2014 coinciden con el diagn\u00f3stico. Advierten que la posibilidad de que la elecci\u00f3n se desdoble, m\u00e1s el panorama econ\u00f3mico complejo, los obliga a redoblar los esfuerzos para acordar una estrategia.<\/p>\n<p>\u00bfSantilli deber\u00eda pintarse de violeta como hizo Patricia Bullrich para ser el candidato? Hay voces en La Libertad Avanza que lo sugieren. No solo porque Karina Milei prefiere postulantes puros, sino tambi\u00e9n porque la posibilidad de que Macri sea candidato a presidente complicar\u00eda el panorama. El expresidente encabez\u00f3 un acto en Chaco en clave electoral y dej\u00f3 trascender una reuni\u00f3n con el CEO de Techint, Paolo Rocca, en la que conversaron sobre las pr\u00f3ximas elecciones y la necesidad de que exista una alternativa a Javier Milei.<\/p>\n<p><img decoding=\"async\" src=\"https:\/\/www.infobae.com\/resizer\/v2\/4KE5YGAWRFHQ5DG2MX3W5GSMPA.png?auth=4d1183d880eaceed022495d5c5b8a8a6b47350264b27e076075911475c07a872&amp;smart=true&amp;width=1920&amp;height=1080\" alt=\"Sebasti\u00e1n Pareja y Cristian Ritondo coinciden en que Diego Santilli debe ser el candidato a gobernador\"\/><\/p>\n<p>\u201cMauricio entiende que el cambio es m\u00e1s importante que cualquier ambici\u00f3n personal\u201d, respondieron en el PRO bonaerense. Pero los gestos de Macri encienden alarmas en varios territorios, por ejemplo, en la ciudad de Buenos Aires. <a href=\"https:\/\/www.infobae.com\/politica\/2026\/04\/19\/el-pro-y-la-libertad-avanza-tensan-su-relacion-en-caba-los-movimientos-de-karina-milei-mauricio-macri-y-la-incognita-bullrich\/\" rel=\"noreferrer\" target=\"_blank\">Karina Milei ya defini\u00f3 que no habr\u00e1 alianza con Jorge Macri <\/a>y que apostar\u00e1n a la marca pura. En paralelo, los integrantes de Provincias Unidas (Maximiliano Pullaro, de Santa Fe, y Mart\u00edn Llaryora, de C\u00f3rdoba) reconocen que el exmandatario ser\u00eda un buen presidenciable para la avenida del medio. La posibilidad de revivir Juntos por el Cambio no desapareci\u00f3. <\/p>\n<p>En el Ministerio del Interior aseguran que Santilli conserva la intenci\u00f3n de ser gobernador, pero evitan cualquier definici\u00f3n electoral. Dicen que est\u00e1 \u201cabocado 100%\u201d a la funci\u00f3n que le encomend\u00f3 el Presidente. El Colo compiti\u00f3 en las \u00faltimas tres elecciones en la provincia y gan\u00f3 dos veces frente al peronismo: en 2021 dentro de Juntos por el Cambio y en 2025 con La Libertad Avanza, tras la renuncia de Jos\u00e9 Luis Espert a la candidatura por el esc\u00e1ndalo con Federico Machado, hombre vinculado al narcotr\u00e1fico. \u201cEs natural que le interese\u201d, dicen.<\/p>\n<h2>Las internas<\/h2>\n<p><img decoding=\"async\" src=\"https:\/\/www.infobae.com\/resizer\/v2\/IOT6RMQAXBAB7BIPNF4ZUO5ZGY.jpg?auth=47192a7f49a06e9d2d6701e96a8e4866147828df297bd2d351d06c9818a91326&amp;smart=true&amp;width=1920&amp;height=1280\" alt=\"Karina Milei apoya a Sebasti\u00e1n Pareja como armador bonaerense\"\/><\/p>\n<p>El acto que realiz\u00f3 ayer La Libertad Avanza en la ciudad bonaerense de Suipacha sirvi\u00f3 como una bendici\u00f3n para Santilli, pero, adem\u00e1s, una muestra m\u00e1s de apoyo de Karina Milei a Pareja, quien protagoniza una fuerte interna con los integrantes de Las Fuerzas del Cielo, espacio cercano a Santiago Caputo, a ra\u00edz de la denuncia por hostigamiento y amenazas en redes sociales.<\/p>\n<p>En su entorno, Pareja asegura que la derrota del 7 de septiembre tuvo que ver con la obligaci\u00f3n de ordenar la interna libertaria bonaerense. Dicen que prioriz\u00f3 poner en las listas a dirigentes org\u00e1nicos que respondan a las necesidades del espacio. \u201cEs inconcebible que vuelva a pasar lo mismo\u201d, suele deslizar. Es por eso que, asegura, est\u00e1 dispuesto a apoyar la candidatura de Santilli y trabajar por la unidad opositora, aunque con algunas advertencias hacia el PRO.<\/p>\n<p>Adem\u00e1s de la interna con Las Fuerzas del Cielo, Pareja arrastra cierto malestar con el partido amarillo. En la elecci\u00f3n del 7 de septiembre, varios intendentes rompieron y se fueron al armado de centro de Somos Buenos Aires, como el caso de Pablo Petrecca, de Jun\u00edn, y los hermanos Passaglia, en San Nicol\u00e1s. Pero lo que m\u00e1s enfurece al aliado de Karina Milei es que Petrecca volvi\u00f3 al espacio y hoy preside el bloque del PRO en el Senado bonaerense. \u201cTienen que ordenar el l\u00edo\u201d, se queja.<\/p>\n<p>\u201cEl PRO de la Provincia est\u00e1 m\u00e1s ordenado de lo que muchos creen\u201d, responden en el partido amarillo y, como ejemplo, mencionan la lista de unidad que lograron para la renovaci\u00f3n de autoridades. No reniegan de la estrategia de los intendentes para retener su territorio y retrucan a La Libertad Avanza: \u201cQue se preocupen por ordenar la tropa propia, que viene generando mucho ruido este tiempo\u201d.<\/p>\n<p><img decoding=\"async\" src=\"https:\/\/www.infobae.com\/resizer\/v2\/7BZSLJJUNRFDTI352BPL72APUY.jpg?auth=95aa113c75c1afe068f1d632086e8bd4e575dee99a72639b2223f2e96c4ff0b4&amp;smart=true&amp;width=1920&amp;height=1080\" alt=\"Maximiliano Abad quiere competir por la Intendencia de Mar del Plata. Dice que la UCR tendr\u00e1 su candidato a gobernador\"\/><\/p>\n<p>Un cap\u00edtulo aparte es la UCR bonaerense. En 2025 sufrieron una fuerte derrota en la elecci\u00f3n provincial y, en la nacional, ni siquiera particip\u00f3 el sello. En junio esperan resolver la renovaci\u00f3n de autoridades y planean presentar sus propios candidatos, lo que podr\u00eda complicar los planes de La Libertad Avanza con el PRO.<\/p>\n<p>Ritondo convoc\u00f3 a negociar con Abad, el dirigente con m\u00e1s peso de la UCR, mientras que entre los libertarios aseguran que muchos intendentes del partido centenario est\u00e1n desesperados por sumarse al espacio para no perder sus distritos. \u201cIgual vamos a respetar las negociaciones con las autoridades\u201d, advierten.<\/p>\n<p>Consultados por la posibilidad de que Santilli protagonice la oferta opositora, respondieron con contundencia: la UCR va a proponer un candidato a gobernador y 135 a intendente. Como adelant\u00f3 Infobae, el propio Abad analiza lanzarse en Mar del Plata. \u201cDespu\u00e9s del fracaso de 2025 tenemos que enfocarnos en reconstruir el partido\u201d, dicen.<\/p>\n<p>Quienes conocen los tiempos de Abad saben que esperar\u00e1 hasta \u00faltimo momento para llegar a una definici\u00f3n que satisfaga las necesidades y pretensiones de la UCR. Sobre todo en un contexto en el que hay una incertidumbre fuerte por la crisis econ\u00f3mica y social que atraviesa el pa\u00eds. Un allegado al senador nacional le desliz\u00f3 una chicana: \u201c\u00bfTe ves con Dante Gebel?\u201d. El pastor evang\u00e9lico podr\u00eda reemplazar a su exaliado y outsider Facundo Manes. La respuesta fue r\u00e1pida: \u201cNo hay que descartar nada\u201d.<\/p>\n","protected":false},"excerpt":{"rendered":"<p>El PRO y La Libertad Avanza se pusieron de acuerdo en dos decisiones clave para ganar la provincia de Buenos Aires en 2027: armar una alianza juntos, lo m\u00e1s amplia posible, y que Diego Santilli sea el candidato a suceder a Axel Kicillof. Pero tambi\u00e9n hay actores que dificultan la tarea. Por un lado, los movimientos de Mauricio Macri, que suponen cierta aspiraci\u00f3n por volver a la Casa Rosada, y la falta de definiciones por parte de la UCR bonaerense, envuelta en una interna interminable.<br \/>\n\u201cEn provincia de Buenos Aires no hay opci\u00f3n si queremos ganar, hay que ir juntos\u201d, dijo Ritondo durante una entrevista con Infobae al Amanecer, en referencia al PRO y la UCR, referenciada en Maximiliano Abad. Tambi\u00e9n ratific\u00f3 que el mejor posicionado para ser el candidato que encabece la lista de esa alianza es Santilli. Seg\u00fan pudo saber este medio, en el entorno de Sebasti\u00e1n Pareja \u2014armador bonaerense designado por Karina Milei\u2014 coinciden con el diagn\u00f3stico. Advierten que la posibilidad de que la elecc..<\/p>\n","protected":false},"author":2,"featured_media":10013,"comment_status":"closed","ping_status":"closed","sticky":false,"template":"","format":"standard","meta":{"_jetpack_memberships_contains_paid_content":false,"footnotes":""},"categories":[4],"tags":[],"class_list":{"0":"post-10012","1":"post","2":"type-post","3":"status-publish","4":"format-standard","5":"has-post-thumbnail","7":"category-politica"},"jetpack_featured_media_url":"https:\/\/radiolife.com.ar\/wp-content\/uploads\/2026\/04\/EPTQOCYDJRASZH5LY533QJX6GM.jpg","jetpack_sharing_enabled":true,"_links":{"self":[{"href":"https:\/\/radiolife.com.ar\/index.php?rest_route=\/wp\/v2\/posts\/10012","targetHints":{"allow":["GET"]}}],"collection":[{"href":"https:\/\/radiolife.com.ar\/index.php?rest_route=\/wp\/v2\/posts"}],"about":[{"href":"https:\/\/radiolife.com.ar\/index.php?rest_route=\/wp\/v2\/types\/post"}],"author":[{"embeddable":true,"href":"https:\/\/radiolife.com.ar\/index.php?rest_route=\/wp\/v2\/users\/2"}],"replies":[{"embeddable":true,"href":"https:\/\/radiolife.com.ar\/index.php?rest_route=%2Fwp%2Fv2%2Fcomments&post=10012"}],"version-history":[{"count":0,"href":"https:\/\/radiolife.com.ar\/index.php?rest_route=\/wp\/v2\/posts\/10012\/revisions"}],"wp:featuredmedia":[{"embeddable":true,"href":"https:\/\/radiolife.com.ar\/index.php?rest_route=\/wp\/v2\/media\/10013"}],"wp:attachment":[{"href":"https:\/\/radiolife.com.ar\/index.php?rest_route=%2Fwp%2Fv2%2Fmedia&parent=10012"}],"wp:term":[{"taxonomy":"category","embeddable":true,"href":"https:\/\/radiolife.com.ar\/index.php?rest_route=%2Fwp%2Fv2%2Fcategories&post=10012"},{"taxonomy":"post_tag","embeddable":true,"href":"https:\/\/radiolife.com.ar\/index.php?rest_route=%2Fwp%2Fv2%2Ftags&post=10012"}],"curies":[{"name":"wp","href":"https:\/\/api.w.org\/{rel}","templated":true}]}}