{"id":10020,"date":"2026-04-27T08:50:05","date_gmt":"2026-04-27T11:50:05","guid":{"rendered":"https:\/\/radiolife.com.ar\/?p=10020"},"modified":"2026-04-27T08:50:05","modified_gmt":"2026-04-27T11:50:05","slug":"la-sancion-que-podria-recibir-esteban-andrada-tras-la-trompada-que-le-pego-a-un-rival-el-antecedente-del-mono-burgos-en-espana","status":"publish","type":"post","link":"https:\/\/radiolife.com.ar\/?p=10020","title":{"rendered":"La sanci\u00f3n que podr\u00eda recibir Esteban Andrada tras la trompada que le peg\u00f3 a un rival: el antecedente del Mono Burgos en Espa\u00f1a"},"content":{"rendered":"<p>El cl\u00e1sico regional entre Real Zaragoza y SD Huesca termin\u00f3 marcado por<a href=\"https:\/\/www.infobae.com\/deportes\/2026\/04\/26\/el-ataque-de-furia-de-esteban-andrada-en-espana-el-video-con-la-impactante-trompada-que-le-pego-a-un-rival-tras-su-expulsion\/\" rel=\"noreferrer\" target=\"_blank\"> un episodio de violencia<\/a> en el terreno de juego que compromete el presente y el futuro deportivo de Esteban Andrada. El arquero argentino fue protagonista del incidente central del encuentro tras ser expulsado por el \u00e1rbitro D\u00e1maso Arcediano Monescillo y golpear en el rostro, con fuerza excesiva, al capit\u00e1n rival Jorge Pulido. La agresi\u00f3n, registrada en el acta arbitral y difundida ampliamente por la prensa local, gener\u00f3 una reprobaci\u00f3n inmediata en el \u00e1mbito deportivo y dej\u00f3 al jugador expuesto a una sanci\u00f3n que puede apartarlo de las canchas por varias jornadas.<\/p>\n<p>El episodio se produjo en los minutos finales del partido, cuando el guardameta de Real Zaragoza recibi\u00f3 la segunda tarjeta amarilla tras un empuj\u00f3n contra Pulido. Antes de abandonar el campo, Andrada corri\u00f3 hacia el defensor y le propin\u00f3 un pu\u00f1etazo en la cara, acci\u00f3n que, de acuerdo con el acta arbitral, le provoc\u00f3 un hematoma en el p\u00f3mulo izquierdo y desencaden\u00f3 una trifulca que requiri\u00f3 la intervenci\u00f3n de las Fuerzas y Cuerpos de Seguridad del Estado. La tensi\u00f3n se traslad\u00f3 a los vestuarios, donde los planteles debieron ser separados tras varios intentos de confrontaci\u00f3n.<\/p>\n<p>La normativa disciplinaria vigente en el f\u00fatbol espa\u00f1ol prev\u00e9 sanciones severas para conductas de esta magnitud. El art\u00edculo 103 del reglamento contempla suspensiones de entre cuatro y doce partidos por agresi\u00f3n sin lesi\u00f3n, y de seis a quince cuando se produce una lesi\u00f3n que ocasione baja, como la sufrida por Pulido. Carrusel Deportivo consult\u00f3 al ex\u00e1rbitro Eduardo Iturralde Gonz\u00e1lez, quien consider\u00f3 que \u201cen este tipo de acciones, el Comit\u00e9 de Disciplina tiene que ir a lo m\u00e1ximo por el bien de la competici\u00f3n\u201d. La expectativa en la prensa deportiva es que la sanci\u00f3n alcance un m\u00ednimo de seis jornadas, sin descartar que se prolongue hasta el l\u00edmite del reglamento.<\/p>\n<p><img decoding=\"async\" src=\"https:\/\/www.infobae.com\/resizer\/v2\/IX5T245SFNGJLASYW73KCTJFJU.jpg?auth=ef9adc6169f9ddae49eba8a6d1d782f696b96896292d50949336845977826467&amp;smart=true&amp;width=1193&amp;height=671\" alt=\"El arquero se fue expulsado sobre el final del partido \n\"\/><\/p>\n<p>El Comit\u00e9 de Disciplina de la Real Federaci\u00f3n Espa\u00f1ola de F\u00fatbol tiene ahora la responsabilidad de definir la sanci\u00f3n, que podr\u00eda ubicarse entre las m\u00e1s severas registradas en los \u00faltimos a\u00f1os en el f\u00fatbol espa\u00f1ol. Casos como el de Germ\u00e1n \u201cMono\u201d Burgos (11 partidos de suspensi\u00f3n), Hristo Stoichkov y Jos\u00e9 Mar\u00eda Ceballos (12 jornadas cada uno) constituyen antecedentes de medidas ejemplares aplicadas en situaciones similares.<\/p>\n<p>La gravedad del hecho se intensifica por el contexto competitivo. Real Zaragoza y SD Huesca se encuentran en la zona baja de la tabla y disputan su permanencia en la Segunda Divisi\u00f3n. El partido, jugado en El Alcoraz, termin\u00f3 con victoria para el local por 1-0, pero la atenci\u00f3n se concentr\u00f3 en la violenta reacci\u00f3n de Andrada. Tanto el portero del Huesca, Dani Jim\u00e9nez, como el zaragocista Dani Tasende tambi\u00e9n recibieron expulsiones en el marco de la pelea colectiva que sigui\u00f3 al incidente principal.<\/p>\n<p>Tras el partido, Esteban Andrada difundi\u00f3<a href=\"https:\/\/www.infobae.com\/deportes\/2026\/04\/26\/el-descargo-de-esteban-andrada-tras-su-gravisima-agresion-a-pulido-en-zaragoza-huesca-la-historica-sancion-a-la-que-se-expone\/\" rel=\"noreferrer\" target=\"_blank\"> un mensaje en video en el que manifest\u00f3 su pesar<\/a> por lo ocurrido y ofreci\u00f3 disculpas p\u00fablicas a Pulido y a la afici\u00f3n. \u201cNo es una buena imagen para nadie. Fue una situaci\u00f3n l\u00edmite, me sal\u00ed de contexto y reaccion\u00e9 de esa forma\u201d, expres\u00f3 el portero. \u201cNo es una buena imagen para el club, para la gente y para un profesional, como lo soy yo. No lo volver\u00e9 a hacer porque s\u00e9 que soy una persona p\u00fablica, un profesional de muchos a\u00f1os de carrera\u201d, a\u00f1adi\u00f3 en su declaraci\u00f3n.<\/p>\n<p>La reacci\u00f3n institucional no tard\u00f3 en llegar. Real Zaragoza emiti\u00f3 un comunicado en el que repudi\u00f3 la conducta de su futbolista y anunci\u00f3 la apertura de un expediente interno. \u201cDesde el club condenamos rotundamente lo sucedido en esa acci\u00f3n que ha manchado de manera inaceptable un partido de f\u00fatbol de especial trascendencia para nuestra regi\u00f3n, algo que resulta inadmisible\u201d, se\u00f1al\u00f3 la entidad aragonesa. El club tambi\u00e9n inform\u00f3 que analizar\u00e1 los hechos y tomar\u00e1 las \u201cmedidas disciplinarias pertinentes\u201d respecto a Andrada.<\/p>\n<p>La proyecci\u00f3n de la sanci\u00f3n y el rechazo social a la conducta del arquero dibujan un escenario complicado para el futuro inmediato del jugador argentino. Restan cinco jornadas para el cierre de la temporada en la Segunda Divisi\u00f3n y la continuidad de Andrada en el club se encuentra bajo revisi\u00f3n. El pr\u00e9stamo del guardameta finaliza en junio y la dirigencia de Real Zaragoza eval\u00faa no ejecutar la opci\u00f3n de compra, lo que implicar\u00eda su regreso a Monterrey para cumplir la eventual sanci\u00f3n pendiente. El incidente, que dej\u00f3 fuera de competencia a su principal arquero, obliga a Real Zaragoza a recurrir al suplente Adri\u00e1n Rodr\u00edguez en el tramo decisivo de la temporada.<\/p>\n","protected":false},"excerpt":{"rendered":"<p>El cl\u00e1sico regional entre Real Zaragoza y SD Huesca termin\u00f3 marcado por un episodio de violencia en el terreno de juego que compromete el presente y el futuro deportivo de Esteban Andrada. El arquero argentino fue protagonista del incidente central del encuentro tras ser expulsado por el \u00e1rbitro D\u00e1maso Arcediano Monescillo y golpear en el rostro, con fuerza excesiva, al capit\u00e1n rival Jorge Pulido. La agresi\u00f3n, registrada en el acta arbitral y difundida ampliamente por la prensa local, gener\u00f3 una reprobaci\u00f3n inmediata en el \u00e1mbito deportivo y dej\u00f3 al jugador expuesto a una sanci\u00f3n que puede apartarlo de las canchas por varias jornadas.<br \/>\nEl episodio se produjo en los minutos finales del partido, cuando el guardameta de Real Zaragoza recibi\u00f3 la segunda tarjeta amarilla tras un empuj\u00f3n contra Pulido. Antes de abandonar el campo, Andrada corri\u00f3 hacia el defensor y le propin\u00f3 un pu\u00f1etazo en la cara, acci\u00f3n que, de acuerdo con el acta arbitral, le provoc\u00f3 un hematoma en el p\u00f3mulo izquierdo y d..<\/p>\n","protected":false},"author":2,"featured_media":10021,"comment_status":"closed","ping_status":"closed","sticky":false,"template":"","format":"standard","meta":{"_jetpack_memberships_contains_paid_content":false,"footnotes":""},"categories":[5],"tags":[],"class_list":{"0":"post-10020","1":"post","2":"type-post","3":"status-publish","4":"format-standard","5":"has-post-thumbnail","7":"category-deportes"},"jetpack_featured_media_url":"https:\/\/radiolife.com.ar\/wp-content\/uploads\/2026\/04\/IX5T245SFNGJLASYW73KCTJFJU.jpg","jetpack_sharing_enabled":true,"_links":{"self":[{"href":"https:\/\/radiolife.com.ar\/index.php?rest_route=\/wp\/v2\/posts\/10020","targetHints":{"allow":["GET"]}}],"collection":[{"href":"https:\/\/radiolife.com.ar\/index.php?rest_route=\/wp\/v2\/posts"}],"about":[{"href":"https:\/\/radiolife.com.ar\/index.php?rest_route=\/wp\/v2\/types\/post"}],"author":[{"embeddable":true,"href":"https:\/\/radiolife.com.ar\/index.php?rest_route=\/wp\/v2\/users\/2"}],"replies":[{"embeddable":true,"href":"https:\/\/radiolife.com.ar\/index.php?rest_route=%2Fwp%2Fv2%2Fcomments&post=10020"}],"version-history":[{"count":0,"href":"https:\/\/radiolife.com.ar\/index.php?rest_route=\/wp\/v2\/posts\/10020\/revisions"}],"wp:featuredmedia":[{"embeddable":true,"href":"https:\/\/radiolife.com.ar\/index.php?rest_route=\/wp\/v2\/media\/10021"}],"wp:attachment":[{"href":"https:\/\/radiolife.com.ar\/index.php?rest_route=%2Fwp%2Fv2%2Fmedia&parent=10020"}],"wp:term":[{"taxonomy":"category","embeddable":true,"href":"https:\/\/radiolife.com.ar\/index.php?rest_route=%2Fwp%2Fv2%2Fcategories&post=10020"},{"taxonomy":"post_tag","embeddable":true,"href":"https:\/\/radiolife.com.ar\/index.php?rest_route=%2Fwp%2Fv2%2Ftags&post=10020"}],"curies":[{"name":"wp","href":"https:\/\/api.w.org\/{rel}","templated":true}]}}