{"id":10024,"date":"2026-04-27T08:50:07","date_gmt":"2026-04-27T11:50:07","guid":{"rendered":"https:\/\/radiolife.com.ar\/?p=10024"},"modified":"2026-04-27T08:50:07","modified_gmt":"2026-04-27T11:50:07","slug":"el-radicalismo-propone-reformar-las-primarias-con-voto-optativo-y-sin-financiamiento-estatal","status":"publish","type":"post","link":"https:\/\/radiolife.com.ar\/?p=10024","title":{"rendered":"El radicalismo propone reformar las primarias, con voto optativo y sin financiamiento estatal"},"content":{"rendered":"<p><img decoding=\"async\" src=\"https:\/\/www.infobae.com\/resizer\/v2\/5MATDFJG6RALXFRUCFGBNU54E4.jpg?auth=ddbe23fa75b6e3fc23897ab69829e205c565de384550cdd0f001d34a29b70c55&amp;smart=true&amp;width=1920&amp;height=1280\" alt=\"El presidente del bloque UCR del Senado, el correntino Eduardo Vischi \"\/><\/p>\n<p>El debate sobre el futuro de las Primarias Abiertas, Simult\u00e1neas y Obligatorias (PASO) sum\u00f3 una nueva alternativa en el Congreso. Mientras el Gobierno nacional impulsa su eliminaci\u00f3n total dentro del paquete de reforma electoral enviado al Senado, la Uni\u00f3n C\u00edvica Radical present\u00f3 un proyecto que conserva la herramienta, pero modifica de ra\u00edz su funcionamiento: propone competencia voluntaria, elimina el financiamiento estatal para la campa\u00f1a y habilita que el ganador de la interna presidencial defina a su compa\u00f1ero de f\u00f3rmula despu\u00e9s de la elecci\u00f3n primaria.<\/p>\n<p>La propuesta, impulsada por Eduardo Vischi, titular de la bancada radical en la C\u00e1mara alta, plantea reformar la Ley 26.571 y redefinir la sigla: PASO pasar\u00eda a significar Primarias Abiertas, Simult\u00e1neas y Optativas. Es decir, se mantendr\u00eda el formato abierto y simult\u00e1neo, pero dejar\u00eda de ser obligatorio, modificando el r\u00e9gimen vigente desde su creaci\u00f3n.<\/p>\n<p>El texto fue presentado despu\u00e9s de que la administraci\u00f3n de Javier Milei enviara al Congreso su proyecto de reforma pol\u00edtica, que incluye la supresi\u00f3n directa de las PASO. Seg\u00fan funcionarios de la Casa Rosada, el sistema perdi\u00f3 utilidad, obliga al Estado a financiar internas partidarias y genera costos operativos desproporcionados respecto de sus resultados.<\/p>\n<p><img decoding=\"async\" src=\"https:\/\/www.infobae.com\/resizer\/v2\/VP7F635B2NH67AYFBGJH6NOMEY.jpg?auth=96d5cb2e3a2902bc918e0bb4aabac05fd28ba89ab6b09e31366dd5f0f7d75063&amp;smart=true&amp;width=1920&amp;height=1280\" alt=\"El Senado recibi\u00f3 el proyecto de reforma electoral que present\u00f3 el gobierno de Javier Milei\"\/><\/p>\n<p>De acuerdo con la bancada radical, la iniciativa busca ofrecer una tercera v\u00eda: no defiende el esquema actual sin modificaciones, pero tampoco acompa\u00f1a la eliminaci\u00f3n total. El objetivo es preservar las primarias para ordenar candidaturas cuando exista competencia real y eliminar obligaciones que, seg\u00fan sus autores, desnaturalizaron el prop\u00f3sito original del sistema.<\/p>\n<p>En los fundamentos del proyecto, Vischi sostiene que \u201cla obligatoriedad del voto en instancias donde no existe oferta competitiva interna desnaturaliza el sentido original de las primarias como herramienta de democratizaci\u00f3n partidaria\u201d. As\u00ed, el primer cambio central es que votar en las primarias dejar\u00eda de ser obligatorio: los ciudadanos podr\u00edan participar solo si lo desean, sin sanciones ni justificaciones por ausencia, a diferencia del r\u00e9gimen general.<\/p>\n<p>Seg\u00fan el senador correntino, la participaci\u00f3n electoral en una instancia interna no deber\u00eda tener el mismo nivel de exigencia jur\u00eddica que una elecci\u00f3n general. Bajo este nuevo dise\u00f1o, la primaria ser\u00eda un derecho disponible y no una carga universal.<\/p>\n<p>Quienes deseen participar deber\u00edan inscribirse previamente hasta 60 d\u00edas antes del comicio. Con ese padr\u00f3n voluntario confirmado, el Estado organizar\u00eda \u00fanicamente la estructura necesaria: cantidad de mesas, autoridades, centros de votaci\u00f3n y log\u00edstica proporcional al n\u00famero de inscriptos.<\/p>\n<p>El proyecto apunta a reducir uno de los cuestionamientos m\u00e1s frecuentes al sistema actual: implementar una elecci\u00f3n nacional completa, con costos plenos, incluso cuando en varios distritos no hay disputa interna o la participaci\u00f3n efectiva es reducida.<\/p>\n<p><img decoding=\"async\" src=\"https:\/\/www.infobae.com\/resizer\/v2\/YUHEZB5EWNEN5KPSZ4AHMOWBVQ.jpeg?auth=58a1bf3fa56b7ea282ac3671d4ac6ba54c97557621b0e9f95d4bf2ffdafae86e&amp;smart=true&amp;width=1280&amp;height=960\" alt=\"Bullrich, presidente del bloque de La Libertad Avanza, junto a Vischi \"\/><\/p>\n<p>Incorpora adem\u00e1s un umbral m\u00ednimo de convocatoria: si no se inscribe al menos el 10% del electorado correspondiente a esa agrupaci\u00f3n pol\u00edtica, la PASO no se realizar\u00e1 y el partido deber\u00e1 resolver sus candidaturas por mecanismos internos propios. El objetivo es evitar procesos sin volumen pol\u00edtico o sin contienda real, como ocurri\u00f3 en elecciones anteriores con listas \u00fanicas que igualmente atravesaron toda la maquinaria electoral.<\/p>\n<p>En materia de financiamiento, el proyecto proh\u00edbe el uso de fondos p\u00fablicos para publicidad electoral en las primarias. El aporte estatal quedar\u00eda reservado para la elecci\u00f3n general, considerada la instancia definitoria del proceso democr\u00e1tico. Para la Uni\u00f3n C\u00edvica Radical, la medida combina racionalidad fiscal y una reasignaci\u00f3n m\u00e1s eficiente de recursos: el Estado no financiar\u00eda campa\u00f1as preliminares, sino la elecci\u00f3n en la que efectivamente se eligen cargos p\u00fablicos.<\/p>\n<p>El financiamiento partidario es uno de los temas m\u00e1s sensibles de cada reforma pol\u00edtica en Argentina, especialmente en contextos de ajuste fiscal y cuestionamiento social al gasto pol\u00edtico.<\/p>\n<p>La iniciativa suma un cap\u00edtulo de modernizaci\u00f3n tecnol\u00f3gica: prev\u00e9 validaci\u00f3n electr\u00f3nica de identidad para el sufragio, priorizando plataformas oficiales como Mi Argentina, bajo auditor\u00eda permanente y supervisi\u00f3n de la Justicia Electoral. Adem\u00e1s, las precandidaturas podr\u00edan presentarse mediante avales digitales con firmas electr\u00f3nicas certificadas. Seg\u00fan el texto, esto permitir\u00eda reducir maniobras irregulares vinculadas a firmas falsas en papel, agilizar tr\u00e1mites y acelerar procesos administrativos.<\/p>\n<p>El proyecto incorpora otro cambio relevante: personas independientes, no afiliadas a partidos, podr\u00edan competir como precandidatas siempre que una agrupaci\u00f3n pol\u00edtica las nomine formalmente. El objetivo es ampliar la base de representaci\u00f3n sin alterar la estructura partidaria tradicional.<\/p>\n<p>En la categor\u00eda presidencial, la modificaci\u00f3n m\u00e1s novedosa consiste en permitir que la f\u00f3rmula se integre en dos etapas. Hoy, las f\u00f3rmulas deben presentarse con presidente y vicepresidente desde el inicio. El proyecto de Vischi habilita que la primaria sea solo para presidente y que el ganador proponga a su compa\u00f1ero de f\u00f3rmula en las 48 horas posteriores a la proclamaci\u00f3n. Esto permitir\u00eda elegir al vice como parte de una estrategia de ampliaci\u00f3n, equilibrio territorial, representaci\u00f3n sectorial o acuerdo interno. Incluso podr\u00eda convocar a quien fue su rival en la competencia primaria.<\/p>\n<p>La cl\u00e1usula busca facilitar s\u00edntesis tras internas competitivas y evitar fracturas que, en experiencias recientes, debilitaron a distintas coaliciones antes de la elecci\u00f3n general.<\/p>\n<p>El proyecto consta de 27 art\u00edculos y modifica tanto la Ley 26.571 como la Ley 26.215 de Financiamiento de los Partidos Pol\u00edticos y el C\u00f3digo Electoral Nacional. Entre otras disposiciones, adapta plazos de campa\u00f1a, reorganiza mesas seg\u00fan inscriptos y ratifica el uso de Boleta \u00danica de Papel. Adem\u00e1s, establece que la eventual entrada en vigencia deber\u00eda ser al menos 180 d\u00edas antes de la pr\u00f3xima elecci\u00f3n general, para garantizar previsibilidad institucional.<\/p>\n<p><img decoding=\"async\" src=\"https:\/\/www.infobae.com\/resizer\/v2\/PRDMGXVVWZH2HLS2MALTOWNM3M.jpg?auth=6f3ff2d12b20aecbf6c67d2064c2c4f02558f06984640db663f32ec9095e0c69&amp;smart=true&amp;width=1920&amp;height=1080\" alt=\"El modelo de Boleta \u00danica de Papel que se us\u00f3 el a\u00f1o pasado en las \u00faltimas elecciones \"\/><\/p>\n<p>En el plano parlamentario, la Uni\u00f3n C\u00edvica Radical cuenta con un bloque relevante en el Senado y puede convertirse en actor decisivo para cualquier reforma del sistema electoral. Ning\u00fan cambio de magnitud parece posible sin acuerdos con sectores dialoguistas.<\/p>\n<p>M\u00e1s all\u00e1 del contenido t\u00e9cnico, el mensaje pol\u00edtico es claro: el radicalismo no solo rechaza la eliminaci\u00f3n de las PASO que impulsa el oficialismo, sino que plantea una alternativa propia. La Casa Rosada propon\u00eda una discusi\u00f3n binaria entre continuidad y supresi\u00f3n; con la iniciativa de Vischi, el debate puede orientarse hacia una tercera v\u00eda: primarias voluntarias, menos costosas, tecnol\u00f3gicamente modernizadas y sin financiamiento estatal.<\/p>\n<p>La resoluci\u00f3n de este debate tendr\u00e1 impacto directo en la arquitectura electoral de 2027. Las PASO ordenan liderazgos, canalizan disputas internas y condicionan la formaci\u00f3n de alianzas nacionales y provinciales. Con este proyecto, el radicalismo busca intervenir en esa conversaci\u00f3n con una definici\u00f3n precisa: no eliminar las primarias, sino redise\u00f1arlas por completo.<\/p>\n","protected":false},"excerpt":{"rendered":"<p>El debate sobre el futuro de las Primarias Abiertas, Simult\u00e1neas y Obligatorias (PASO) sum\u00f3 una nueva alternativa en el Congreso. Mientras el Gobierno nacional impulsa su eliminaci\u00f3n total dentro del paquete de reforma electoral enviado al Senado, la Uni\u00f3n C\u00edvica Radical present\u00f3 un proyecto que conserva la herramienta, pero modifica de ra\u00edz su funcionamiento: propone competencia voluntaria, elimina el financiamiento estatal para la campa\u00f1a y habilita que el ganador de la interna presidencial defina a su compa\u00f1ero de f\u00f3rmula despu\u00e9s de la elecci\u00f3n primaria.<br \/>\nLa propuesta, impulsada por Eduardo Vischi, titular de la bancada radical en la C\u00e1mara alta, plantea reformar la Ley 26.571 y redefinir la sigla: PASO pasar\u00eda a significar Primarias Abiertas, Simult\u00e1neas y Optativas. Es decir, se mantendr\u00eda el formato abierto y simult\u00e1neo, pero dejar\u00eda de ser obligatorio, modificando el r\u00e9gimen vigente desde su creaci\u00f3n.<br \/>\nEl texto fue presentado despu\u00e9s de que la administraci\u00f3n de Javier Milei enviar..<\/p>\n","protected":false},"author":2,"featured_media":10025,"comment_status":"closed","ping_status":"closed","sticky":false,"template":"","format":"standard","meta":{"_jetpack_memberships_contains_paid_content":false,"footnotes":""},"categories":[4],"tags":[],"class_list":{"0":"post-10024","1":"post","2":"type-post","3":"status-publish","4":"format-standard","5":"has-post-thumbnail","7":"category-politica"},"jetpack_featured_media_url":"https:\/\/radiolife.com.ar\/wp-content\/uploads\/2026\/04\/2E77WSFJURCR7HOWUNHCT2AFM4-scaled.jpg","jetpack_sharing_enabled":true,"_links":{"self":[{"href":"https:\/\/radiolife.com.ar\/index.php?rest_route=\/wp\/v2\/posts\/10024","targetHints":{"allow":["GET"]}}],"collection":[{"href":"https:\/\/radiolife.com.ar\/index.php?rest_route=\/wp\/v2\/posts"}],"about":[{"href":"https:\/\/radiolife.com.ar\/index.php?rest_route=\/wp\/v2\/types\/post"}],"author":[{"embeddable":true,"href":"https:\/\/radiolife.com.ar\/index.php?rest_route=\/wp\/v2\/users\/2"}],"replies":[{"embeddable":true,"href":"https:\/\/radiolife.com.ar\/index.php?rest_route=%2Fwp%2Fv2%2Fcomments&post=10024"}],"version-history":[{"count":0,"href":"https:\/\/radiolife.com.ar\/index.php?rest_route=\/wp\/v2\/posts\/10024\/revisions"}],"wp:featuredmedia":[{"embeddable":true,"href":"https:\/\/radiolife.com.ar\/index.php?rest_route=\/wp\/v2\/media\/10025"}],"wp:attachment":[{"href":"https:\/\/radiolife.com.ar\/index.php?rest_route=%2Fwp%2Fv2%2Fmedia&parent=10024"}],"wp:term":[{"taxonomy":"category","embeddable":true,"href":"https:\/\/radiolife.com.ar\/index.php?rest_route=%2Fwp%2Fv2%2Fcategories&post=10024"},{"taxonomy":"post_tag","embeddable":true,"href":"https:\/\/radiolife.com.ar\/index.php?rest_route=%2Fwp%2Fv2%2Ftags&post=10024"}],"curies":[{"name":"wp","href":"https:\/\/api.w.org\/{rel}","templated":true}]}}