{"id":10026,"date":"2026-04-27T08:50:10","date_gmt":"2026-04-27T11:50:10","guid":{"rendered":"https:\/\/radiolife.com.ar\/?p=10026"},"modified":"2026-04-27T08:50:10","modified_gmt":"2026-04-27T11:50:10","slug":"el-gobierno-enfrenta-una-semana-decisiva-con-adorni-en-el-congreso-y-la-necesidad-de-reactivar-la-agenda-politica","status":"publish","type":"post","link":"https:\/\/radiolife.com.ar\/?p=10026","title":{"rendered":"El Gobierno enfrenta una semana decisiva con Adorni en el Congreso y la necesidad de reactivar la agenda pol\u00edtica"},"content":{"rendered":"<p><img decoding=\"async\" src=\"https:\/\/www.infobae.com\/resizer\/v2\/5VY3XIW6KFDMHL43XQOJ6Y2Y4I.jpg?auth=37046bc59e421bbf69c7d84a3ec824caf2d95777b2e54276d1c0142ff8556d4d&amp;smart=true&amp;width=3000&amp;height=2015\" alt=\"El presidente Javier Milei junto a la secretaria general de la Presidencia, Karina Milei, y el jefe de Gabinete, Manuel Adorni, en el Congreso de la Naci\u00f3n (Maximiliano Luna)\"\/><\/p>\n<p>Despu\u00e9s de una seguidilla de jornadas complejas, el Gobierno nacional inicia este lunes una semana clave marcada por el primer informe de gesti\u00f3n que brindar\u00e1 el jefe de Gabinete, <a href=\"https:\/\/www.infobae.com\/tag\/manuel-adorni\/\" rel=\"noreferrer\" target=\"_blank\">Manuel Adorni<\/a>. Ser\u00e1 el mi\u00e9rcoles ante la C\u00e1mara de Diputados, pero centralmente bajo la atenta mirada del presidente <a href=\"https:\/\/www.infobae.com\/tag\/javier-milei\/\" rel=\"noreferrer\" target=\"_blank\">Javier Milei<\/a>; la secretaria general de la Presidencia, Karina Milei; y un pu\u00f1ado de ministros.<\/p>\n<p>De esta forma, el ministro coordinador, investigado por presunto enriquecimiento il\u00edcito, romper\u00e1 el silencio que lleva, al d\u00eda de hoy, un mes y dos d\u00edas desde de la fallida conferencia de prensa del 25 de marzo en la que ensay\u00f3 un intento de explicaci\u00f3n tras los cuestionamientos por la inclusi\u00f3n de su esposa, Bettina Angeletti, en la delegaci\u00f3n presidencial que viaj\u00f3 a Estados Unidos para la Argentina Week,<a href=\"https:\/\/www.infobae.com\/judiciales\/2026\/04\/23\/la-fiscal-pidio-archivar-la-causa-por-el-viaje-de-la-esposa-de-adorni-a-eeuu-en-el-avion-presidencial\/\" rel=\"noreferrer\" target=\"_blank\"> causa que finalmente fue archivada<\/a>. <\/p>\n<p>Lo cierto es que es el libertario es <a href=\"https:\/\/www.infobae.com\/politica\/2026\/04\/23\/milei-confirmo-que-acompanara-a-adorni-el-proximo-miercoles-en-el-congreso-y-hablo-de-su-reeleccion-me-voy-a-presentar\/\" rel=\"noreferrer\" target=\"_blank\">uno de los principales defensores del funcionario<\/a> por lo que no sorprende su asistencia en el palco presidencial, en un accionar que no es habitual, desde donde seguir\u00e1 la performance del exvocero que dar\u00e1 detalles de la gesti\u00f3n, en la parte inicial de la sesi\u00f3n que iniciar\u00e1 por la ma\u00f1ana, e intentar\u00e1 hacer frente a la ronda de preguntas de los bloques opositores que solicitar\u00e1n exhaustivas explicaciones sobre la adquisici\u00f3n de sus propiedades y los viajes al exterior<\/p>\n<p>Seg\u00fan supo este medio, los equipos que dependen de la Jefatura de Gabinete lograron sintetizar en 2151 preguntas de las cerca de 4800 recibidas, ubicando a Adorni detr\u00e1s de Santiago Cafiero, quien en el informe n\u00famero 130 respondi\u00f3 2596 inquietudes. <\/p>\n<p><img decoding=\"async\" src=\"https:\/\/www.infobae.com\/resizer\/v2\/TA6XWQTOJJES7NXNC4OAREFMUM.jpg?auth=f1f1f495c11acb9ac27da406c75859c90255aa3727c386132fe5483b7f1460db&amp;smart=true&amp;width=2560&amp;height=1706\" alt=\"Guillermo Francos presenta su informe de gesti\u00f3n en\u00a0el\u00a0senado\"\/><\/p>\n<p>Pese a que, en lo que va de Gobierno, la administraci\u00f3n libertaria tuvo primero a Nicol\u00e1s Posse y despu\u00e9s a Guillermo Francos al frente de la Jefatura de Gabinete, ser\u00e1 la primera vez que el mandatario asista al compromiso constitucional en un gesto de blindaje en medio de los se\u00f1alamientos contra el exlegislador. \u201cSe est\u00e1n cumpliendo los plazos y estamos muy tranquilos\u201d, sostuvo en los \u00faltimos d\u00edas, confiado en los avances judiciales. <\/p>\n<p>Para el desaf\u00edo, y frente a la tarea discursiva, estuvieron comprometidas la Subsecretar\u00eda de Enlace Parlamentario, que lleva a Ignacio Devitt al frente; la Secretar\u00eda Ejecutiva, que coordina Ian Vignale, y la Unidad de Gabinete de Asesores, que lidera Aim\u00e9 \u201cMeme\u201d V\u00e1zquez. Todo en colaboraci\u00f3n con los equipos de Discurso y el de Estrategia Presidencial con Santiago Caputo a la cabeza.<\/p>\n<p>\u201cSiempre trabajamos en equipo. Este fin de semana se hizo un repaso de las versiones finales. El informe es sobre la marcha y gesti\u00f3n del Gobierno, pero se va a responder todo lo que sea necesario\u201d, revelaron ante Infobae una fuente cercana. Otra voz involucrada a\u00f1adi\u00f3 adem\u00e1s que la definici\u00f3n adoptada es no dar lugar a las chicanas de la oposici\u00f3n. <\/p>\n<p>En las horas previas al evento, el optimismo reina en el oficialismo que asegura que ser\u00e1 la oportunidad para que el jefe de Gabinete rompa el silencio y pueda, a posterior, retomar las conferencias de prensa, lo que le devolver\u00eda \u201cla voz\u201d del Ejecutivo. Todo esto, si el Gobierno opta por dar de baja la restricci\u00f3n impuesta a la prensa acreditada que por estos d\u00edas tiene impedido el acceso a la Rosada. <\/p>\n<p><img decoding=\"async\" src=\"https:\/\/www.infobae.com\/resizer\/v2\/UY32SVZUNZGYRDOW3HW5JXPZPA.jpeg?auth=cf1993c94531e4e0cec873fd1c41ce59e49aeae8a426ec652414b952b17d72b0&amp;smart=true&amp;width=1920&amp;height=1080\" alt=\"Javier Milei junto a Manuel Adorni, Pablo Quirno, Mario Lugones y Diego Santilli en la previa de AmCham\"\/><\/p>\n<p>Desde el estallido de la pol\u00e9mica que gira en torno al funcionario, la gesti\u00f3n parece haberse visto empantanada y en el oficialismo marcan el mi\u00e9rcoles como una fecha clave para recuperar la agenda, pero adem\u00e1s para reactivar la actividad legislativa que acumula proyectos girados entre los que destacan la reforma pol\u00edtica, la Ley de Propiedad Privada, la de Salud Mental y que incluye pliegos judiciales y diplom\u00e1ticos, entre otros. <\/p>\n<p>Sin embargo, la semana iniciar\u00e1 el lunes con una <a href=\"https:\/\/www.infobae.com\/politica\/2026\/04\/24\/el-gobierno-debio-postergar-la-reunion-de-mesa-politica-y-demora-el-debate-por-la-estrategia-de-la-reforma-electoral\/\" rel=\"noreferrer\" target=\"_blank\">nueva reuni\u00f3n de mesa pol\u00edtica<\/a> que se celebrar\u00e1 a las 14 en la que los 8 funcionarios y representantes legislativos designados se reunir\u00e1n en el despacho del Ministerio del Interior para debatir en profundidad la estrategia que adoptar\u00e1 el oficialismo para aprobar los cambios en el sistema democr\u00e1tico que incluye la resistida eliminaci\u00f3n de las PASO, modificaciones en el sistema de financiamiento de los partidos, y Ficha Limpia. <\/p>\n<p>Si bien el intercambio estaba previsto para el viernes, Adorni debi\u00f3 posponerla por la incompatibilidad en la agenda de la jefa de bloque de LLA en el Senado, Patricia Bullrich, actor clave en la recopilaci\u00f3n de las primeras apreciaciones de los bloques opositores y aliados que anticiparon que rechazan varios puntos del proyecto. Con varias opciones bajo la manga, el reducido equipo discutir\u00e1 los pr\u00f3ximos pasos a seguir. <\/p>\n<p>En paralelo, el mandatario tiene una intensa agenda para los primeros d\u00edas de la semana. Este lunes por la noche, Javier Milei disertar\u00e1 en la tradicional <a href=\"https:\/\/www.infobae.com\/politica\/2026\/04\/22\/milei-macri-y-bullrich-los-invitados-principales-que-tendra-la-fundacion-libertad-en-su-encuentro-anual\/\" rel=\"noreferrer\" target=\"_blank\">cena anual de la Fundaci\u00f3n Libertad<\/a> que se dar\u00e1 cita en Parque Norte. Entre los asistentes figuran el exmandatario Mauricio Macri, la senadora Patricia Bullrich, entre otros referentes empresariales, pol\u00edticos e intelectuales de Argentina e Iberoam\u00e9rica.<\/p>\n<p><img decoding=\"async\" src=\"https:\/\/www.infobae.com\/resizer\/v2\/7OHWYM6W2VE3NLZZAH5MEFJH2Y.jpg?auth=63b9e446a3ded442e47e2f2b64fc0a35ffb4abf9335b8fc4afddba94674f04ac&amp;smart=true&amp;width=1920&amp;height=1080\" alt=\"Mauricio Macri y Santiago Caputo, entre risas en la cena de la Fundacion Libertad portada\"\/><\/p>\n<p>Asimismo, al martes siguiente, a las 19, Milei encabezar\u00e1 el debate de la obra \u201cLa teor\u00eda general del empleo, el inter\u00e9s y el dinero\u201d, una de las m\u00e1s influyentes del economista brit\u00e1nico, John Maynard Keynes, fuertemente cuestionado por el libertario, en un evento organizado por la Fundaci\u00f3n Faro. Lo har\u00e1 en el Palacio Libertad junto al economista Juan Carlos De Pablo y al diputado Adri\u00e1n Ravier. <\/p>\n<p>Luego de la <a href=\"https:\/\/www.infobae.com\/politica\/2026\/04\/25\/mas-de-6-horas-preguntas-por-bloque-y-la-estrategia-libertaria-como-sera-el-informe-de-gestion-de-adorni\/\" rel=\"noreferrer\" target=\"_blank\">extensa sesi\u00f3n en Diputados<\/a> del mi\u00e9rcoles 29 de abril, el libertario cerrar\u00e1 la edici\u00f3n 13\u00b0 de la Expo EFI 2026 que se realizar\u00e1 en el Centro de Convenciones de Buenos Aires. En representaci\u00f3n del Poder Ejecutivo asistir\u00e1n adem\u00e1s los ministros Luis Caputo (Econom\u00eda), Pablo Quirno (Relaciones Exteriores), Federico Sturzenegger (Desregulaci\u00f3n y Transformaci\u00f3n del Estado) y el titular del Banco Central, Santiago Bausili. <\/p>\n<p>Al cierre del mes, que coincide con el final de la semana, los titulares de las nueve carteras deber\u00e1n presentar el plan de ajuste cuyas metas establecidas parten de una reducci\u00f3n del 2% de gastos corrientes y 20% de capitales que quedar\u00e1 a discreci\u00f3n de cada ministro. \u201cHasta entonces no recibimos informaci\u00f3n, pero la meta es la misma para todos los ministerios por igual. Despu\u00e9s cada uno tiene su libertad para implementarlo internamente de la manera que considere correcta\u201d, sintetiz\u00f3 una voz involucrada. <\/p>\n<p>Con la reciente decisi\u00f3n de la Oficina Anticorrupci\u00f3n de <a href=\"https:\/\/www.infobae.com\/judiciales\/2026\/04\/26\/gastos-deudas-e-ingresos-las-cuentas-que-hace-la-justicia-para-saber-si-adorni-tiene-mas-de-lo-que-gana\/\" rel=\"noreferrer\" target=\"_blank\">prorrogar el plazo<\/a> -inicialmente previsto para el 30 de este mes- para entregar las declaraciones juradas de los funcionarios, la administraci\u00f3n libertaria gana tiempo hasta el 31 de julio para que el ministro coordinador actualice el informe sobre su evoluci\u00f3n patrimonial en medio de la investigaci\u00f3n en curso. \u201cManuel va a salir fortalecido\u201d, prometen en las filas violetas. <\/p>\n","protected":false},"excerpt":{"rendered":"<p>Despu\u00e9s de una seguidilla de jornadas complejas, el Gobierno nacional inicia este lunes una semana clave marcada por el primer informe de gesti\u00f3n que brindar\u00e1 el jefe de Gabinete, Manuel Adorni. Ser\u00e1 el mi\u00e9rcoles ante la C\u00e1mara de Diputados, pero centralmente bajo la atenta mirada del presidente Javier Milei; la secretaria general de la Presidencia, Karina Milei; y un pu\u00f1ado de ministros.<br \/>\nDe esta forma, el ministro coordinador, investigado por presunto enriquecimiento il\u00edcito, romper\u00e1 el silencio que lleva, al d\u00eda de hoy, un mes y dos d\u00edas desde de la fallida conferencia de prensa del 25 de marzo en la que ensay\u00f3 un intento de explicaci\u00f3n tras los cuestionamientos por la inclusi\u00f3n de su esposa, Bettina Angeletti, en la delegaci\u00f3n presidencial que viaj\u00f3 a Estados Unidos para la Argentina Week, causa que finalmente fue archivada.<br \/>\nLo cierto es que es el libertario es uno de los principales defensores del funcionario por lo que no sorprende su asistencia en el palco presidencial, en un ac..<\/p>\n","protected":false},"author":2,"featured_media":10027,"comment_status":"closed","ping_status":"closed","sticky":false,"template":"","format":"standard","meta":{"_jetpack_memberships_contains_paid_content":false,"footnotes":""},"categories":[4],"tags":[],"class_list":{"0":"post-10026","1":"post","2":"type-post","3":"status-publish","4":"format-standard","5":"has-post-thumbnail","7":"category-politica"},"jetpack_featured_media_url":"https:\/\/radiolife.com.ar\/wp-content\/uploads\/2026\/04\/5VY3XIW6KFDMHL43XQOJ6Y2Y4I-scaled.jpg","jetpack_sharing_enabled":true,"_links":{"self":[{"href":"https:\/\/radiolife.com.ar\/index.php?rest_route=\/wp\/v2\/posts\/10026","targetHints":{"allow":["GET"]}}],"collection":[{"href":"https:\/\/radiolife.com.ar\/index.php?rest_route=\/wp\/v2\/posts"}],"about":[{"href":"https:\/\/radiolife.com.ar\/index.php?rest_route=\/wp\/v2\/types\/post"}],"author":[{"embeddable":true,"href":"https:\/\/radiolife.com.ar\/index.php?rest_route=\/wp\/v2\/users\/2"}],"replies":[{"embeddable":true,"href":"https:\/\/radiolife.com.ar\/index.php?rest_route=%2Fwp%2Fv2%2Fcomments&post=10026"}],"version-history":[{"count":0,"href":"https:\/\/radiolife.com.ar\/index.php?rest_route=\/wp\/v2\/posts\/10026\/revisions"}],"wp:featuredmedia":[{"embeddable":true,"href":"https:\/\/radiolife.com.ar\/index.php?rest_route=\/wp\/v2\/media\/10027"}],"wp:attachment":[{"href":"https:\/\/radiolife.com.ar\/index.php?rest_route=%2Fwp%2Fv2%2Fmedia&parent=10026"}],"wp:term":[{"taxonomy":"category","embeddable":true,"href":"https:\/\/radiolife.com.ar\/index.php?rest_route=%2Fwp%2Fv2%2Fcategories&post=10026"},{"taxonomy":"post_tag","embeddable":true,"href":"https:\/\/radiolife.com.ar\/index.php?rest_route=%2Fwp%2Fv2%2Ftags&post=10026"}],"curies":[{"name":"wp","href":"https:\/\/api.w.org\/{rel}","templated":true}]}}