{"id":10047,"date":"2026-04-29T09:50:08","date_gmt":"2026-04-29T12:50:08","guid":{"rendered":"https:\/\/radiolife.com.ar\/?p=10047"},"modified":"2026-04-29T09:50:08","modified_gmt":"2026-04-29T12:50:08","slug":"las-4-preguntas-clave-que-contesto-adorni-al-congreso-sobre-su-patrimonio-los-viajes-y-el-vinculo-con-marcelo-grandio","status":"publish","type":"post","link":"https:\/\/radiolife.com.ar\/?p=10047","title":{"rendered":"Las 4 preguntas clave que contest\u00f3 Adorni al Congreso sobre su patrimonio, los viajes y el v\u00ednculo con Marcelo Grandio"},"content":{"rendered":"<p><img decoding=\"async\" src=\"https:\/\/www.infobae.com\/resizer\/v2\/U4O472QTJBBPTDLJVEDZE634TM.png?auth=750f3b4a333a4a78c43a32ca04deda98a22d6a5774d8d12d6498201c29de623b&amp;smart=true&amp;width=2752&amp;height=1536\" alt=\"Adorni contest\u00f3 preguntas sobre su patrimonio en la previa de su presentaci\u00f3n en el COngreso (Imagen generada con IA)\"\/><\/p>\n<p>El jefe de Gabinete de Ministros, Manuel Adorni, respondi\u00f3 este mi\u00e9rcoles por escrito 2.151 preguntas de los bloques parlamentarios antes de presentarse ante la C\u00e1mara de Diputados para su informe de gesti\u00f3n, en medio de una causa judicial por presunto enriquecimiento il\u00edcito. Entre ese volumen de respuestas, cuatro concentran el n\u00facleo de los cuestionamientos que la oposici\u00f3n acumula desde hace semanas: el viaje a Punta del Este, la evoluci\u00f3n de su patrimonio, los gastos de las comitivas presidenciales y los contratos del periodista Marcelo Grandio con la Televisi\u00f3n P\u00fablica.<\/p>\n<h3>El viaje a Punta del Este y el registro ante la Oficina Anticorrupci\u00f3n<\/h3>\n<p><img decoding=\"async\" src=\"https:\/\/www.infobae.com\/resizer\/v2\/CSNPS7LMWFFF3P7FK62NBCZITQ.png?auth=6e080b85139ac00d1efe626c461bd8b7573d23af5a0b2dee0f0f512a0f41e70b&amp;smart=true&amp;width=716&amp;height=654\"\/><\/p>\n<p>Ante la Pregunta N\u00b0 559, que solicitaba saber si el viaje fue declarado en el Registro de Viajes Financiados por Terceros, el Gobierno respondi\u00f3 que no existe obligaci\u00f3n de registrarlo. El argumento es que el Decreto 1179\/2016 limita ese registro a traslados financiados por terceros \u201cpara el dictado de conferencias, cursos o actividades acad\u00e9micas o culturales\u201d. La respuesta agrega que Adorni present\u00f3 su declaraci\u00f3n jurada patrimonial integral y que la Oficina Anticorrupci\u00f3n (OA) inform\u00f3 \u201cla inexistencia de conflictos de inter\u00e9s en el caso\u201d.<\/p>\n<p>La respuesta no precisa si alguna autoridad evalu\u00f3 activamente si correspond\u00eda o no el registro, ni si los financiadores del viaje mantienen v\u00ednculos contractuales con el Estado. La pregunta legislativa apuntaba en esa direcci\u00f3n: qui\u00e9n pag\u00f3, por qu\u00e9 lo hizo y qu\u00e9 relaci\u00f3n une a esas personas con la administraci\u00f3n p\u00fablica.<\/p>\n<p>La Justicia federal avanz\u00f3 en ese terreno. El juez Ariel Lijo y el fiscal Gerardo Pollicita investigan el viaje bajo la figura de d\u00e1divas. Seg\u00fan declar\u00f3 ante el juzgado Vanesa Tossi, gerenta comercial de Jag Executive Aviation \u2014la empresa que vendi\u00f3 el vuelo\u2014, fue Grandio quien pag\u00f3 los pasajes y quien indic\u00f3 expresamente que \u201cla familia invitada\u201d era la del jefe de Gabinete. Los chats incorporados a la causa muestran que Grandio solicit\u00f3 que los tickets se facturaran a nombre de Imhouse, su productora, que en ese momento ya ten\u00eda contratos con la TV P\u00fablica. El tramo de vuelta fue facturado directamente a Grandio por USD 3.000.<\/p>\n<h3>Patrimonio: la declaraci\u00f3n jurada p\u00fablica y el anexo reservado<\/h3>\n<p><img decoding=\"async\" src=\"https:\/\/www.infobae.com\/resizer\/v2\/ZQ5QN63GYBF4FGGH2SMQ4WMWOA.png?auth=8677c7ba29d98c9323716a2c6c10ac3d7658545de15d01f6ceec3c66ea1bc59c&amp;smart=true&amp;width=726&amp;height=560\"\/><\/p>\n<p>La Pregunta N\u00b0 1780 ped\u00eda el detalle de la evoluci\u00f3n patrimonial de Adorni y su c\u00f3nyuge desde el inicio de la funci\u00f3n p\u00fablica, y si existieron acompa\u00f1antes en viajes oficiales cuyos roles no estuvieran justificados dentro del Estado. La respuesta remite a la declaraci\u00f3n jurada disponible en el portal datos.gob.ar, se\u00f1ala que los bienes de la c\u00f3nyuge est\u00e1n en el Anexo Reservado del Formulario 1246 \u2014de car\u00e1cter confidencial\u2014 y deriva la pregunta sobre erogaciones de comitiva a la Pregunta N\u00b0 1997.<\/p>\n<p>La declaraci\u00f3n jurada p\u00fablica de Adorni corresponde al per\u00edodo 2024. En ella figuran un departamento en Parque Chacabuco \u2014del que es cotitular con su esposa al 50%\u2014 y otro en La Plata, recibido como donaci\u00f3n familiar. No aparecen en ese documento el departamento de la calle Mir\u00f3 al 500, en Caballito, escriturado el 18 de noviembre de 2025 por USD 230.000, ni la casa en el country Indio Cu\u00e1 Golf Club, en Exaltaci\u00f3n de la Cruz, inscripta a nombre de su esposa, Bettina Angeletti, a fines de 2024. El plazo para presentar la declaraci\u00f3n de 2025 vence el 31 de julio.<\/p>\n<p>La compra del departamento de Caballito presenta una estructura financiera que la Justicia analiza: las propias vendedoras, dos jubiladas identificadas como Beatriz Viegas y Claudia Sbabo, aportaron un cr\u00e9dito hipotecario de USD 200.000, equivalente al 87% del precio total, y quedaron como acreedoras en partes iguales. La diputada Marcela Pagano, que impuls\u00f3 la denuncia original, se\u00f1al\u00f3 que el patrimonio de Adorni habr\u00eda crecido un 500% en un solo per\u00edodo fiscal.<\/p>\n<p>Ante los periodistas en una conferencia de prensa del 25 de marzo, Adorni dijo: \u201cTodo lo que tiene que estar declarado, est\u00e1 declarado\u201d, y se neg\u00f3 a dar m\u00e1s precisiones con el argumento de que existe una causa judicial en tr\u00e1mite.<\/p>\n<h3>Grandio y la TV P\u00fablica: la distinci\u00f3n entre persona y productora<\/h3>\n<p><img decoding=\"async\" src=\"https:\/\/www.infobae.com\/resizer\/v2\/JC5E3NVX4VERVKROH5JHYJT6MY.png?auth=866c358755a1e24673b63883494bf343837f671d6cd1350cea541edc52c2a13f&amp;smart=true&amp;width=722&amp;height=530\"\/><\/p>\n<p>La Pregunta N\u00b0 1655 solicitaba la lista de programas que Grandio tuvo en la TV P\u00fablica en 2025 y los contratos correspondientes. La respuesta del Gobierno es directa: \u201cEl Sr. Marcelo Grand\u00edo no fue contratado por RTA S.A.U.\u201d, con respaldo en informaci\u00f3n suministrada por la propia empresa y puesta a disposici\u00f3n de la Justicia.<\/p>\n<p>La afirmaci\u00f3n es t\u00e9cnicamente precisa en un sentido estricto. Imhouse, la productora de Grandio, s\u00ed firm\u00f3 contratos con Radio y Televisi\u00f3n Argentina (RTA). La Justicia incorpor\u00f3 a la causa al menos seis acuerdos de coproducci\u00f3n, secuestrados en un allanamiento de fines de marzo a cargo de la Polic\u00eda de Seguridad Aeroportuaria (PSA). El primero de esos contratos se firm\u00f3 en abril de 2024, cuatro meses despu\u00e9s de que Adorni asumiera como secretario de Comunicaci\u00f3n y Medios, \u00e1rea de la que depende RTA.<\/p>\n<p>Bajo esos acuerdos, el Estado cedi\u00f3 estudios, escenograf\u00eda, equipos t\u00e9cnicos y personal sin costo para los programas \u201cGiros en L\u00ednea Recta\u201d, \u201cEnredados\u201d y \u201cLa Sala\u201d. Los registros bancarios incorporados a la investigaci\u00f3n revelan adem\u00e1s diez transferencias desde la productora de Grandio hacia las cuentas de Adorni entre diciembre de 2022 y diciembre de 2023, por un total de $1.670.900, en el per\u00edodo previo a la asunci\u00f3n del Gobierno. Los investigadores buscan determinar el concepto real de esos pagos.<\/p>\n<h3>Viajes presidenciales: trece giras, $425 millones y una invitada<\/h3>\n<p><img decoding=\"async\" src=\"https:\/\/www.infobae.com\/resizer\/v2\/6WDIKO2T3BG7REUDZ7EBGJUGAU.png?auth=001ca2e07b394ce27dc07a5904170988ed97cb575e0496811bb5b8d1a5e28190&amp;smart=true&amp;width=722&amp;height=239\"\/><\/p>\n<p>La Pregunta N\u00b0 1997 ped\u00eda el listado completo de viajes internacionales del Presidente y del jefe de Gabinete, con fechas, destinos, costos y composici\u00f3n de las comitivas. La respuesta detalla trece viajes de Javier Milei entre septiembre de 2025 y marzo de 2026, con montos en pesos para cada uno. El gasto total declarado supera los $425 millones de pesos.<\/p>\n<p>El viaje m\u00e1s costoso fue el traslado a Nueva York para la 80\u00b0 Asamblea General de las Naciones Unidas, en septiembre de 2025, con un gasto de $115.704.550. Le sigui\u00f3 la gira por Miami, Nueva York y Santiago de Chile de marzo de 2026, que insumi\u00f3 $85.677.704,47, y la participaci\u00f3n en el Foro Econ\u00f3mico Mundial de Davos, en enero de 2026, por $73.179.186,07.<\/p>\n<p>Ese \u00faltimo tramo \u2014Miami y Nueva York\u2014 es el que concentra uno de los se\u00f1alamientos de la oposici\u00f3n. La propia respuesta oficial consigna que Angeletti viaj\u00f3 en car\u00e1cter de \u201cinvitada\u201d en la comitiva presidencial. El informe no desagrega cu\u00e1nto de los $85 millones de ese trayecto correspondi\u00f3 al alojamiento y traslado de la esposa del jefe de Gabinete.<\/p>\n<p>Sobre los viajes del propio Adorni, la respuesta oficial dice que \u201cel Estado Nacional no guarda registro respecto del destino, fechas exactas, duraci\u00f3n y car\u00e1cter del viaje de vuelos personales llevados a cabo por sus funcionarios\u201d. La pregunta sobre si el Presidente o alg\u00fan funcionario percibi\u00f3 honorarios por participar en eventos privados no recibe respuesta en el informe.<\/p>\n<p>La causa por enriquecimiento il\u00edcito que tramita ante el juez Lijo confirm\u00f3 adem\u00e1s que Adorni viaj\u00f3 a Aruba para recibir el A\u00f1o Nuevo entre diciembre de 2024 y enero de 2025, cuando se desempe\u00f1aba como vocero presidencial.<\/p>\n<h3>La declaraci\u00f3n jurada que a\u00fan no se present\u00f3<\/h3>\n<p><img decoding=\"async\" src=\"https:\/\/www.infobae.com\/resizer\/v2\/VR4ZQ5KLYVAZHE2OUTI6PASPEY.jpg?auth=1c2a82dbdbb6e69f8428be787eb8b071685ff22e09d033fda64b7c797226b05e&amp;smart=true&amp;width=3000&amp;height=1688\" alt=\"Manuel Adorni volvi\u00f3 a Diputados, pero ahora para dar explicaciones \"\/><\/p>\n<p>La Pregunta N\u00b0 1535, tambi\u00e9n de Uni\u00f3n por la Patria, plantea una omisi\u00f3n normativa puntual: por qu\u00e9 Adorni no present\u00f3 la Declaraci\u00f3n Jurada Patrimonial Integral como Jefe de Gabinete dentro de los 30 d\u00edas h\u00e1biles desde su asunci\u00f3n del 5 de noviembre de 2025, plazo que establecen los art\u00edculos 4 y 5 de la Ley 25.188 y el decreto 164\/99, y si fue intimado por la autoridad competente. La respuesta oficial es la admisi\u00f3n m\u00e1s expl\u00edcita del informe: \u201cA\u00fan no venci\u00f3 el plazo para la presentaci\u00f3n de la \u00faltima Declaraci\u00f3n Jurada. Ser\u00e1 en ese momento en el que se formular\u00e1 el correspondiente detalle del patrimonio integral del Jefe de Gabinete\u201d.<\/p>\n<p>El detalle es importante. La actualizaci\u00f3n por nuevo cargo \u2014exigida cuando un funcionario asume un puesto distinto al que ya ten\u00eda declarado\u2014 no se confunde con la presentaci\u00f3n anual ordinaria, cuyo plazo reci\u00e9n vence el 31 de julio. La declaraci\u00f3n jurada disponible p\u00fablicamente sigue siendo, hasta esa fecha, la del per\u00edodo 2024: la que no incluye ni el departamento de Caballito ni la casa en Indio Cu\u00e1 Golf Club. El plazo ordinario opera, en los hechos, como un cierre adicional de la informaci\u00f3n hasta julio.<\/p>\n<h3>Las preguntas de Provincias Unidas<\/h3>\n<p>M\u00e1s all\u00e1 de la Pregunta N\u00b0 1997, el informe contiene cuatro preguntas correlativas del bloque Provincias Unidas que avanzan ordenadamente sobre el viaje a Punta del Este. La N\u00b0 551 indag\u00f3 si el viaje fue registrado en agendas oficiales. La N\u00b0 552 pidi\u00f3 fechas, itinerario, aeropuertos, tipo de aeronave, matr\u00edcula, empresa operadora y titular registral. La N\u00b0 555 reclam\u00f3 copia de facturas, comprobantes de pago, contratos, manifiestos de vuelo, planes de vuelo y registros migratorios. La N\u00b0 559 cerr\u00f3 la secuencia preguntando si el viaje fue declarado ante la Oficina Anticorrupci\u00f3n.<\/p>\n<p>La respuesta oficial a las cuatro es la misma f\u00f3rmula reiterada: \u201cEl Estado Nacional no registra ning\u00fan pago de costos sobre los viajes personales del Jefe de Gabinete\u201d. La N\u00b0 552, sin embargo, contiene una variante notable: el Gobierno aleg\u00f3 que \u201cla consulta no individualiza el viaje al que se hace referencia, por lo que no resulta posible brindar el detalle requerido en los t\u00e9rminos planteados\u201d. La pregunta inmediata anterior \u2014N\u00b0 551, del mismo bloque y la misma serie\u2014 s\u00ed individualiz\u00f3 el viaje: Punta del Este, fin de semana de carnaval de 2026.<\/p>\n<p><img decoding=\"async\" src=\"https:\/\/www.infobae.com\/resizer\/v2\/Q6OTUQVBTVCP3AOOAXOCR3TOMQ.jpg?auth=da72db506dae4a509dc5eb2b531849fd0ee223321b876d0f75b814d2733af248&amp;smart=true&amp;width=1000&amp;height=562\" alt=\"Manuel Adorni y Marcelo Grand\u00edo\"\/><\/p>\n<h3>La consultora de la esposa<\/h3>\n<p>La Pregunta N\u00b0 1782, formulada por Uni\u00f3n por la Patria, pidi\u00f3 detalle de los contratos y vinculaciones empresariales de la consultora +BE, propiedad de Bettina Angeletti, con el Estado, organismos descentralizados y empresas con participaci\u00f3n accionaria estatal. La pregunta refiere espec\u00edficamente una denuncia judicial: la firma habr\u00eda facturado $6.370.000 por capacitaciones brindadas a National Shipping S.A. los d\u00edas 6 y 23 de noviembre de 2024 y el 3 de octubre de 2025, cuando Adorni ya era funcionario nacional. Los diputados pidieron que el Jefe de Gabinete informara si declar\u00f3 formalmente ese v\u00ednculo y si se abstuvo de intervenir en cualquier decisi\u00f3n que pudiera beneficiar a esa empresa.<\/p>\n<p>La respuesta oficial es una triple remisi\u00f3n \u2014a las preguntas 180, 1780 y 548\u2014 sin aporte sustantivo. La f\u00f3rmula central, contenida en la respuesta a la Pregunta N\u00b0 1080, es: \u201cLa Oficina Nacional de Contrataciones informa que no se registran contrataciones de \u2018+BE\u2019 con el Estado Nacional\u201d. La precisi\u00f3n es relevante: la afirmaci\u00f3n se limita al Estado Nacional. National Shipping S.A. no integra el universo del Estado, pero s\u00ed mantiene contratos con YPF, controlada por el Estado. Esa distinci\u00f3n \u2014entre el Estado Nacional estricto y las empresas con participaci\u00f3n estatal\u2014 es la que la respuesta oficial elude.<\/p>\n","protected":false},"excerpt":{"rendered":"<p>El jefe de Gabinete de Ministros, Manuel Adorni, respondi\u00f3 este mi\u00e9rcoles por escrito 2.151 preguntas de los bloques parlamentarios antes de presentarse ante la C\u00e1mara de Diputados para su informe de gesti\u00f3n, en medio de una causa judicial por presunto enriquecimiento il\u00edcito. Entre ese volumen de respuestas, cuatro concentran el n\u00facleo de los cuestionamientos que la oposici\u00f3n acumula desde hace semanas: el viaje a Punta del Este, la evoluci\u00f3n de su patrimonio, los gastos de las comitivas presidenciales y los contratos del periodista Marcelo Grandio con la Televisi\u00f3n P\u00fablica.<br \/>\nEl viaje a Punta del Este y el registro ante la Oficina Anticorrupci\u00f3nAnte la Pregunta N\u00b0 559, que solicitaba saber si el viaje fue declarado en el Registro de Viajes Financiados por Terceros, el Gobierno respondi\u00f3 que no existe obligaci\u00f3n de registrarlo. El argumento es que el Decreto 1179\/2016 limita ese registro a traslados financiados por terceros \u201cpara el dictado de conferencias, cursos o actividades acad\u00e9mic..<\/p>\n","protected":false},"author":2,"featured_media":10048,"comment_status":"closed","ping_status":"closed","sticky":false,"template":"","format":"standard","meta":{"_jetpack_memberships_contains_paid_content":false,"footnotes":""},"categories":[4],"tags":[],"class_list":{"0":"post-10047","1":"post","2":"type-post","3":"status-publish","4":"format-standard","5":"has-post-thumbnail","7":"category-politica"},"jetpack_featured_media_url":"https:\/\/radiolife.com.ar\/wp-content\/uploads\/2026\/04\/U4O472QTJBBPTDLJVEDZE634TM-scaled.png","jetpack_sharing_enabled":true,"_links":{"self":[{"href":"https:\/\/radiolife.com.ar\/index.php?rest_route=\/wp\/v2\/posts\/10047","targetHints":{"allow":["GET"]}}],"collection":[{"href":"https:\/\/radiolife.com.ar\/index.php?rest_route=\/wp\/v2\/posts"}],"about":[{"href":"https:\/\/radiolife.com.ar\/index.php?rest_route=\/wp\/v2\/types\/post"}],"author":[{"embeddable":true,"href":"https:\/\/radiolife.com.ar\/index.php?rest_route=\/wp\/v2\/users\/2"}],"replies":[{"embeddable":true,"href":"https:\/\/radiolife.com.ar\/index.php?rest_route=%2Fwp%2Fv2%2Fcomments&post=10047"}],"version-history":[{"count":0,"href":"https:\/\/radiolife.com.ar\/index.php?rest_route=\/wp\/v2\/posts\/10047\/revisions"}],"wp:featuredmedia":[{"embeddable":true,"href":"https:\/\/radiolife.com.ar\/index.php?rest_route=\/wp\/v2\/media\/10048"}],"wp:attachment":[{"href":"https:\/\/radiolife.com.ar\/index.php?rest_route=%2Fwp%2Fv2%2Fmedia&parent=10047"}],"wp:term":[{"taxonomy":"category","embeddable":true,"href":"https:\/\/radiolife.com.ar\/index.php?rest_route=%2Fwp%2Fv2%2Fcategories&post=10047"},{"taxonomy":"post_tag","embeddable":true,"href":"https:\/\/radiolife.com.ar\/index.php?rest_route=%2Fwp%2Fv2%2Ftags&post=10047"}],"curies":[{"name":"wp","href":"https:\/\/api.w.org\/{rel}","templated":true}]}}