{"id":10049,"date":"2026-04-29T09:50:15","date_gmt":"2026-04-29T12:50:15","guid":{"rendered":"https:\/\/radiolife.com.ar\/?p=10049"},"modified":"2026-04-29T09:50:15","modified_gmt":"2026-04-29T12:50:15","slug":"manuel-adorni-en-el-congreso-en-vivo-las-ultimas-noticias-sobre-el-informe-de-gestion-del-jefe-de-gabinete","status":"publish","type":"post","link":"https:\/\/radiolife.com.ar\/?p=10049","title":{"rendered":"Manuel Adorni en el Congreso, en vivo: las \u00faltimas noticias sobre el informe de gesti\u00f3n del jefe de Gabinete"},"content":{"rendered":"<p><img decoding=\"async\" src=\"https:\/\/www.infobae.com\/resizer\/v2\/XPSYUFESAVFWLARP36FZSAYSPM.png?auth=57051b989751997b9341cd10f1471d33b369ab7ba7f26431f0271a5ab3e26670&amp;smart=true&amp;width=2752&amp;height=1536\" alt=\"Manuel Adorni har\u00e1 su presentaci\u00f3n de informe de gesti\u00f3n en la C\u00e1mara de Diputados \"\/><\/p>\n<p>El jefe de Gabinete, Manuel Adorni, se presentar\u00e1 este mi\u00e9rcoles desde las 10.30 en la C\u00e1mara de Diputados de la Naci\u00f3n Argentina para exponer su informe de gesti\u00f3n, en una sesi\u00f3n que se prev\u00e9 atravesada por un fuerte clima pol\u00edtico. Aunque la comparecencia responde a una obligaci\u00f3n constitucional, el contexto le otorga un peso adicional: el funcionario llega bajo cuestionamientos por denuncias de presunto enriquecimiento il\u00edcito y buscar\u00e1 mostrar cohesi\u00f3n interna. En esa l\u00ednea, est\u00e1 prevista la presencia del presidente Javier Milei, Karina Milei, ministros y senadores oficialistas.<\/p>\n<p>De acuerdo con lo anticipado por fuentes oficiales, Adorni abrir\u00e1 la jornada con una exposici\u00f3n que se extender\u00e1 cerca de una hora. Luego se habilitar\u00e1 la ronda de preguntas de los bloques, con tiempos asignados seg\u00fan la cantidad de bancas, en un esquema que dejar\u00e1 al peronismo para el cierre. En total, la oposici\u00f3n contar\u00e1 con alrededor de cuatro horas para interpelar al funcionario, en un intercambio que combinar\u00e1 cuestionamientos t\u00e9cnicos con definiciones pol\u00edticas.<\/p>\n<p>En la antesala del debate, los bloques opositores elevaron m\u00e1s de 4.800 preguntas por escrito, de las cuales el Poder Ejecutivo respondi\u00f3 poco m\u00e1s de 2.100. Las inquietudes se concentraron principalmente en econom\u00eda, producci\u00f3n, salud y seguridad, aunque tambi\u00e9n abarcaron energ\u00eda, pol\u00edticas sociales, Justicia, Defensa y educaci\u00f3n. Con ese volumen de temas sobre la mesa, la oposici\u00f3n intentar\u00e1 sostener una estrategia coordinada para evitar cruces que desordenen la sesi\u00f3n y condicionen la continuidad del informe, en alusi\u00f3n a antecedentes recientes en los que un funcionario decidi\u00f3 retirarse del recinto en medio de acusaciones.<\/p>\n<h3>Esteban Paul\u00f3n: \u201cQue el Presidente venga a apoyar a Manuel Adorni significa que est\u00e1 en un momento de debilidad\u201d<\/h3>\n<p><img decoding=\"async\" src=\"https:\/\/www.infobae.com\/resizer\/v2\/SDCSES6FAZHP3K22KG3EGS6X7M.jpg?auth=4837eaa4f4b6375df9119388be5fd8190c29e44ff61c54724beb7da9cd54fcea&amp;smart=true&amp;width=1920&amp;height=1279\" alt=\"Esteban Paul\u00f3n\"\/><\/p>\n<p>El diputado nacional por el Partido Socialista (PS), Esteban Paul\u00f3n, critic\u00f3 el operativo de seguridad que se est\u00e1 realizando en el Congreso: \u201cNos sentimos extranjeros en nuestra propia casa. El Congreso tomado por el Ejecutivo, para un acto que no tiene una trascendia institucional como le ha dado el Presidente. Y en donde \u00e9l juega mucho de su capital pol\u00edtico a que esto salga bien o pueda salir mal\u201d.<\/p>\n<p>Adem\u00e1s, denunci\u00f3 que el Poder Ejecutivo llevar\u00e1 \u201c200 militantes, ministros y senadores nacionales\u201d para apoyar a Manuel Adorni. Y estableci\u00f3: \u201cVenimos trabajando hace varios d\u00edas para poder tener la templanza, la tranquilidad y la firmeza para que efectivamente Adorni de las explicaciones que tiene que dar. Y si no puede darlas, que asuma las consecuencias\u201d.<\/p>\n<p>Y concluy\u00f3: \u201cVamos a preguntar, no vamos a hacer nada para que se levante y se vaya. Si se levanta y se va, quedar\u00e1 demostrado que no tiene respuestas para dar\u201d.<\/p>\n<h3>Desde la Coalici\u00f3n C\u00edvica se\u00f1alaron que Manuel Adorni \u201cdeber\u00eda ser desplazado por una moci\u00f3n de censura del Congreso\u201d.<\/h3>\n<p>M\u00f3nica Frade, diputada nacional por ese espacio, sostuvo que el jefe de Gabinete \u201cdeber\u00eda ser desplazado por una moci\u00f3n de censura del Congreso\u201d. \u201cAdorni debe ser socio de los Milei; desplazaron a muchos funcionarios por menos\u201d, agreg\u00f3.<\/p>\n<p>Respecto a la exposici\u00f3n de esta ma\u00f1ana, la legisladora plante\u00f3 sus expectativas: \u201cDel oficialismo espero espect\u00e1culo y que la oposici\u00f3n no haga el papel\u00f3n que hizo el 1\u00b0 de marzo. Voy a la sesi\u00f3n sin ninguna expectativa\u201d.<\/p>\n<h3>Daiana Fern\u00e1ndez Molero, diputada del PRO: \u201cMuchos van a ir a buscar su recorte para las redes sociales\u201d<\/h3>\n<p><img decoding=\"async\" src=\"https:\/\/www.infobae.com\/resizer\/v2\/DWUOMIS7CFHMXLMAKWOP46M2QM.png?auth=77fcb92c2a4cb3e25c4ab37dafc0307b0ee868e280591303595bdd3fbe85387c&amp;smart=true&amp;width=713&amp;height=475\" alt=\"Daiana Fern\u00e1ndez Molero (Infobae en Vivo)\"\/><\/p>\n<p>En comunicaci\u00f3n con Radio Rivadavia, Fern\u00e1ndez Molero apunt\u00f3: \u201cMuchos van a ir a buscar su recorte para las redes sociales, los mismos que en la Ley de Glaciares iban con \u2018vienen por el agua\u2019, ahora van a tratar de hacer alg\u00fan otro show. Eso no est\u00e1 bueno porque no es la funci\u00f3n de lo que va a hacer hoy el Jefe de Gabinete\u201d.<\/p>\n<p>Respecto a la posici\u00f3n del PRO, la parlamentaria adelant\u00f3 que estar\u00e1n \u201caburridos y calladitos, como hacemos siempre haciendo lo que hay que hacer, que es escuchar el informe de gesti\u00f3n\u201d.<\/p>\n<p>\u201cCada uno tiene que cumplir su rol, yo no soy fiscal ni juez, no tengo por qu\u00e9 hacer una indagatoria a una persona que viene a rendir un informe de gesti\u00f3n. Y tampoco soy Andrea del Boca para andar haciendo ah\u00ed un show, que vamos a ver seguramente de algunas diputadas\u201d, concluy\u00f3, previo a pedir que la justicia esclarezca el caso de presunto enriquecimiento il\u00edcito del mandatario nacional.<\/p>\n<p>\/politica\/2026\/04\/29\/las-4-preguntas-clave-que-contesto-adorni-al-congreso-sobre-su-patrimonio-los-viajes-y-el-vinculo-con-marcelo-grandio\/<\/p>\n<h3>Manuel Adorni lleg\u00f3 al Congreso para hacer la presentaci\u00f3n del informa de gesti\u00f3n<\/h3>\n<p><img decoding=\"async\" src=\"https:\/\/www.infobae.com\/resizer\/v2\/XJEYPBDF6FDBXFLZKCQAVE47M4.png?auth=ac3a5edc4d371789716d24c1b5867cb275eae2dddda01706d72bf01e14615f63&amp;smart=true&amp;width=545&amp;height=358\"\/><\/p>\n<p>El jefe de Gabinete, Manuel Adorni, lleg\u00f3 este mi\u00e9rcoles por la ma\u00f1ana al Congreso para encabezar su informe de gesti\u00f3n ante la C\u00e1mara de Diputados de la Naci\u00f3n Argentina y lo hizo sonriente, en la previa de una sesi\u00f3n atravesada por la tensi\u00f3n pol\u00edtica. La exposici\u00f3n, prevista para las 10.30, se da en medio de cuestionamientos al Gobierno por denuncias de presunto enriquecimiento il\u00edcito, con una fuerte presencia del oficialismo en el recinto, incluido el presidente Javier Milei, Karina Milei y parte del Gabinete.<\/p>\n<p>\/politica\/2026\/04\/29\/con-el-respaldo-de-milei-y-el-gabinete-adorni-se-enfrenta-hoy-al-congreso-con-su-patrimonio-en-la-mira\/ <\/p>\n<p>\/politica\/2026\/04\/28\/va-a-estar-bueno-como-vive-manuel-adorni-las-ultimas-horas-antes-de-la-sesion-clave-en-diputados\/<\/p>\n","protected":false},"excerpt":{"rendered":"<p>El jefe de Gabinete, Manuel Adorni, se presentar\u00e1 este mi\u00e9rcoles desde las 10.30 en la C\u00e1mara de Diputados de la Naci\u00f3n Argentina para exponer su informe de gesti\u00f3n, en una sesi\u00f3n que se prev\u00e9 atravesada por un fuerte clima pol\u00edtico. Aunque la comparecencia responde a una obligaci\u00f3n constitucional, el contexto le otorga un peso adicional: el funcionario llega bajo cuestionamientos por denuncias de presunto enriquecimiento il\u00edcito y buscar\u00e1 mostrar cohesi\u00f3n interna. En esa l\u00ednea, est\u00e1 prevista la presencia del presidente Javier Milei, Karina Milei, ministros y senadores oficialistas.<br \/>\nDe acuerdo con lo anticipado por fuentes oficiales, Adorni abrir\u00e1 la jornada con una exposici\u00f3n que se extender\u00e1 cerca de una hora. Luego se habilitar\u00e1 la ronda de preguntas de los bloques, con tiempos asignados seg\u00fan la cantidad de bancas, en un esquema que dejar\u00e1 al peronismo para el cierre. En total, la oposici\u00f3n contar\u00e1 con alrededor de cuatro horas para interpelar al funcionario, en un intercambio que ..<\/p>\n","protected":false},"author":2,"featured_media":10050,"comment_status":"closed","ping_status":"closed","sticky":false,"template":"","format":"standard","meta":{"_jetpack_memberships_contains_paid_content":false,"footnotes":""},"categories":[4],"tags":[],"class_list":{"0":"post-10049","1":"post","2":"type-post","3":"status-publish","4":"format-standard","5":"has-post-thumbnail","7":"category-politica"},"jetpack_featured_media_url":"https:\/\/radiolife.com.ar\/wp-content\/uploads\/2026\/04\/XPSYUFESAVFWLARP36FZSAYSPM-scaled.png","jetpack_sharing_enabled":true,"_links":{"self":[{"href":"https:\/\/radiolife.com.ar\/index.php?rest_route=\/wp\/v2\/posts\/10049","targetHints":{"allow":["GET"]}}],"collection":[{"href":"https:\/\/radiolife.com.ar\/index.php?rest_route=\/wp\/v2\/posts"}],"about":[{"href":"https:\/\/radiolife.com.ar\/index.php?rest_route=\/wp\/v2\/types\/post"}],"author":[{"embeddable":true,"href":"https:\/\/radiolife.com.ar\/index.php?rest_route=\/wp\/v2\/users\/2"}],"replies":[{"embeddable":true,"href":"https:\/\/radiolife.com.ar\/index.php?rest_route=%2Fwp%2Fv2%2Fcomments&post=10049"}],"version-history":[{"count":0,"href":"https:\/\/radiolife.com.ar\/index.php?rest_route=\/wp\/v2\/posts\/10049\/revisions"}],"wp:featuredmedia":[{"embeddable":true,"href":"https:\/\/radiolife.com.ar\/index.php?rest_route=\/wp\/v2\/media\/10050"}],"wp:attachment":[{"href":"https:\/\/radiolife.com.ar\/index.php?rest_route=%2Fwp%2Fv2%2Fmedia&parent=10049"}],"wp:term":[{"taxonomy":"category","embeddable":true,"href":"https:\/\/radiolife.com.ar\/index.php?rest_route=%2Fwp%2Fv2%2Fcategories&post=10049"},{"taxonomy":"post_tag","embeddable":true,"href":"https:\/\/radiolife.com.ar\/index.php?rest_route=%2Fwp%2Fv2%2Ftags&post=10049"}],"curies":[{"name":"wp","href":"https:\/\/api.w.org\/{rel}","templated":true}]}}