{"id":10051,"date":"2026-04-30T04:50:02","date_gmt":"2026-04-30T07:50:02","guid":{"rendered":"https:\/\/radiolife.com.ar\/?p=10051"},"modified":"2026-04-30T04:50:02","modified_gmt":"2026-04-30T07:50:02","slug":"alerta-clima-europa-se-calienta-dos-veces-mas-rapido-que-la-media-mundial","status":"publish","type":"post","link":"https:\/\/radiolife.com.ar\/?p=10051","title":{"rendered":"Alerta clima: Europa se calienta dos veces m\u00e1s r\u00e1pido que la media mundial"},"content":{"rendered":"<p>Si hay un continente que debe luchar contra el cambio clim\u00e1tico m\u00e1s r\u00e1pido que otros, ese es Europa. Las condiciones clim\u00e1ticas est\u00e1n teniendo ya repercusiones en el agua. En toda Europa, alrededor del 70% de los cursos de agua registraron caudales inferiores a la media durante 2025. Urge la toma de decisiones pol\u00edticas.<\/p>\n","protected":false},"excerpt":{"rendered":"<p>Si hay un continente que debe luchar contra el cambio clim\u00e1tico m\u00e1s r\u00e1pido que otros, ese es Europa. Las condiciones clim\u00e1ticas est\u00e1n teniendo ya repercusiones en el agua. En toda Europa, alrededor del 70% de los cursos de agua registraron caudales inferiores a la media durante 2025. Urge la toma de decisiones pol\u00edticas.<\/p>\n","protected":false},"author":2,"featured_media":10052,"comment_status":"closed","ping_status":"closed","sticky":false,"template":"","format":"standard","meta":{"_jetpack_memberships_contains_paid_content":false,"footnotes":""},"categories":[8],"tags":[],"class_list":{"0":"post-10051","1":"post","2":"type-post","3":"status-publish","4":"format-standard","5":"has-post-thumbnail","7":"category-internacionales"},"jetpack_featured_media_url":"https:\/\/radiolife.com.ar\/wp-content\/uploads\/2026\/04\/image560x340cropped-20.jpg","jetpack_sharing_enabled":true,"_links":{"self":[{"href":"https:\/\/radiolife.com.ar\/index.php?rest_route=\/wp\/v2\/posts\/10051","targetHints":{"allow":["GET"]}}],"collection":[{"href":"https:\/\/radiolife.com.ar\/index.php?rest_route=\/wp\/v2\/posts"}],"about":[{"href":"https:\/\/radiolife.com.ar\/index.php?rest_route=\/wp\/v2\/types\/post"}],"author":[{"embeddable":true,"href":"https:\/\/radiolife.com.ar\/index.php?rest_route=\/wp\/v2\/users\/2"}],"replies":[{"embeddable":true,"href":"https:\/\/radiolife.com.ar\/index.php?rest_route=%2Fwp%2Fv2%2Fcomments&post=10051"}],"version-history":[{"count":0,"href":"https:\/\/radiolife.com.ar\/index.php?rest_route=\/wp\/v2\/posts\/10051\/revisions"}],"wp:featuredmedia":[{"embeddable":true,"href":"https:\/\/radiolife.com.ar\/index.php?rest_route=\/wp\/v2\/media\/10052"}],"wp:attachment":[{"href":"https:\/\/radiolife.com.ar\/index.php?rest_route=%2Fwp%2Fv2%2Fmedia&parent=10051"}],"wp:term":[{"taxonomy":"category","embeddable":true,"href":"https:\/\/radiolife.com.ar\/index.php?rest_route=%2Fwp%2Fv2%2Fcategories&post=10051"},{"taxonomy":"post_tag","embeddable":true,"href":"https:\/\/radiolife.com.ar\/index.php?rest_route=%2Fwp%2Fv2%2Ftags&post=10051"}],"curies":[{"name":"wp","href":"https:\/\/api.w.org\/{rel}","templated":true}]}}